{"id":5150,"date":"2023-07-28T16:26:46","date_gmt":"2023-07-28T14:26:46","guid":{"rendered":"https:\/\/connectequipe.com\/2023\/07\/28\/summer-event-2023-inaugurare-le-ferie-estive-con-un-weekend-dedicato-al-team-building\/"},"modified":"2025-07-11T12:32:18","modified_gmt":"2025-07-11T10:32:18","slug":"summer-event-2023","status":"publish","type":"post","link":"https:\/\/www.connectequipe.com\/es\/2023\/07\/28\/summer-event-2023\/","title":{"rendered":"EVENTO DE VERANO 2023: TEAM BUILDING"},"content":{"rendered":"\r\n<p>Este a\u00f1o Connect no organiz\u00f3 la cl\u00e1sica cena de empresa para sus empleados, sino un fin de semana de verano muy especial.<\/p>\r\n\r\n\r\n\r\n<p>Para inaugurar las vacaciones de verano que se acercan para todos, Connect invit\u00f3 a sus colegas a pasar dos d\u00edas juntos para reunirse y dedicar un momento a reforzar el esp\u00edritu de equipo, un valor en el que la empresa conf\u00eda mucho.<\/p>\r\n\r\n\r\n\r\n<p>El <strong>viernes 16 de junio<\/strong>, colegas de Mil\u00e1n y Madrid viajaron a Roma, donde se encuentra nuestra sede, para reunirse con colegas romanos. Despu\u00e9s nos fuimos a descansar a Carsoli, en la campi\u00f1a de la regi\u00f3n Abruzos.<\/p>\r\n\r\n\r\n\r\n<figure class=\"wp-block-image size-large\"><img decoding=\"async\" class=\"wp-image-3481\" src=\"https:\/\/equipesanita.it\/wp-content\/uploads\/2023\/07\/IMG_20230616-112543-c3d959fe-1024x768.jpeg\" alt=\"\" \/><\/figure>\r\n\r\n\r\n\r\n<p>Nos reunimos alrededor de una gran mesa en el restaurante de nuestro hotel para charlar, saludarnos y ponernos al d\u00eda. Tambi\u00e9n fue un momento precioso para los reci\u00e9n llegados, que tuvieron la oportunidad de conocer a sus futuros colegas.<\/p>\r\n\r\n\r\n<div class=\"wp-block-image\">\r\n<figure class=\"aligncenter size-large is-resized\"><img decoding=\"async\" class=\"wp-image-3482\" src=\"https:\/\/equipesanita.it\/wp-content\/uploads\/2023\/07\/IMG_20230616_134609-766x1024.jpg\" alt=\"\" width=\"452\" height=\"604\" \/><\/figure>\r\n<\/div>\r\n\r\n\r\n<p>Tras un improvisado torneo de ajedrez entre DEVs, la tarde se dedic\u00f3 al deporte y la relajaci\u00f3n. Los entusiastas del ejercicio compitieron en partidos de p\u00e1del y tenis en las pistas del polideportivo de nuestro hotel. Los m\u00e1s \u00abperezosos\u00bb disfrutaron del sol y del verdor de las monta\u00f1as circundantes en las frescas aguas de la piscina.<\/p>\r\n\r\n\r\n\r\n<figure class=\"wp-block-image size-large\"><img decoding=\"async\" class=\"wp-image-3483\" src=\"https:\/\/equipesanita.it\/wp-content\/uploads\/2023\/07\/IMG_20230616_161646-1024x1024.jpg\" alt=\"\" \/><\/figure>\r\n\r\n\r\n\r\n<p>No pod\u00eda faltar un aperitivo todos juntos junto a la piscina para disfrutar de las \u00faltimas horas de sol y, tras haber disfrutado del d\u00eda reci\u00e9n pasado, \u00a1planificar ya el pr\u00f3ximo Evento de Verano (qui\u00e9n sabe si volaremos al extranjero)!<\/p>\r\n\r\n\r\n\r\n<p>La velada continu\u00f3 con una tranquila cena y las charlas, las an\u00e9cdotas, los consejos para los problemas de coraz\u00f3n de nuestros colegas y las clases de tango continuaron hasta las 3 de la madrugada (\u00a1para los m\u00e1s atrevidos!).<\/p>\r\n\r\n\r\n\r\n<p>Al d\u00eda siguiente, <strong>s\u00e1bado 17 de junio<\/strong>, como aut\u00e9nticos excursionistas, nos dispusimos a visitar las Cuevas de Pietrasecca, a poca distancia, en el centro de Carsoli. Una peque\u00f1a joya enclavada en la Reserva Natural. Nos dividimos en dos turnos y, armados con botas y cascos, dimos un paseo por el bosque y descendimos al frescor de la cueva: rica en estalagmitas y estalactitas. Nuestros gu\u00edas medioambientales, s\u00faper experimentados y apasionados, nos hicieron vivir un momento \u00fanico tras las nociones impartidas: al apagar las linternas que nos guiaban, \u00a1pudimos saborear un momento de apacible silencio en total oscuridad!<\/p>\r\n\r\n\r\n\r\n<figure class=\"wp-block-image size-full\"><img decoding=\"async\" class=\"wp-image-3484\" src=\"https:\/\/equipesanita.it\/wp-content\/uploads\/2023\/07\/IMG_20230617_Foto-dentro-la-GROTTA-1.jpg\" alt=\"\" \/><\/figure>\r\n\r\n\r\n\r\n<p>Al final de nuestras visitas, no pod\u00eda faltar una agradable barbacoa al aire libre. Con unas temperaturas ideales, casi primaverales, y un sol radiante y c\u00e1lido, nos relajamos y concluimos nuestro Evento de Verano alrededor de una mesa con buena comida, buen vino y buena gente.<\/p>\r\n\r\n\r\n\r\n<figure class=\"wp-block-image size-large\"><img decoding=\"async\" class=\"wp-image-3485\" src=\"https:\/\/equipesanita.it\/wp-content\/uploads\/2023\/07\/IMG_20230617_141307-1024x1024.jpg\" alt=\"\" \/><\/figure>\r\n\r\n\r\n\r\n<p>Por \u00faltimo, nuestro Presidente nos salud\u00f3 con el esperado discurso en el que relat\u00f3 la evoluci\u00f3n de la empresa, record\u00f3 los objetivos para los pr\u00f3ximos a\u00f1os e infundi\u00f3 positivismo y pasi\u00f3n por el fruct\u00edfero futuro que nos aguarda.<\/p>\r\n\r\n\r\n\r\n<figure class=\"wp-block-image size-large\"><img decoding=\"async\" class=\"wp-image-3486\" src=\"https:\/\/equipesanita.it\/wp-content\/uploads\/2023\/07\/IMG_20230617_163900-1024x1024.jpg\" alt=\"\" \/><\/figure>\r\n\r\n\r\n\r\n<p><strong>M\u00c9TODO, INTERACCI\u00d3N Y PASI\u00d3N<\/strong> son las tres piedras angulares que realzan nuestro equipo y nuestro trabajo.<\/p>\r\n","protected":false},"excerpt":{"rendered":"<p>Este a\u00f1o Connect no organiz\u00f3 la cl\u00e1sica cena de empresa para sus empleados, sino un fin de semana de verano muy especial. Para inaugurar las vacaciones de verano que se acercan para todos, Connect invit\u00f3 a sus colegas a pasar dos d\u00edas juntos para reunirse y dedicar un momento a reforzar el esp\u00edritu de equipo, [&hellip;]<\/p>\n","protected":false},"author":1,"featured_media":3981,"comment_status":"closed","ping_status":"closed","sticky":false,"template":"","format":"standard","meta":{"_acf_changed":false,"footnotes":""},"categories":[48],"tags":[],"class_list":["post-5150","post","type-post","status-publish","format-standard","has-post-thumbnail","hentry","category-sin-categorizar"],"acf":[],"yoast_head":"<!-- This site is optimized with the Yoast SEO plugin v27.5 - https:\/\/yoast.com\/product\/yoast-seo-wordpress\/ -->\n<title>EVENTO DE VERANO 2023: TEAM BUILDING - Connect Equipe Healthcare<\/title>\n<meta name=\"description\" content=\"Este a\u00f1o Connect no organiz\u00f3 la cl\u00e1sica cena de empresa para sus empleados, sino un fin de semana de verano muy especial.\" \/>\n<meta name=\"robots\" content=\"index, follow, max-snippet:-1, max-image-preview:large, max-video-preview:-1\" \/>\n<link rel=\"canonical\" href=\"https:\/\/www.connectequipe.com\/es\/2023\/07\/28\/summer-event-2023\/\" \/>\n<meta property=\"og:locale\" content=\"es_ES\" \/>\n<meta property=\"og:type\" content=\"article\" \/>\n<meta property=\"og:title\" content=\"Summer Event 2023: inaugurare le ferie estive con un weekend dedicato al Team Building\" \/>\n<meta property=\"og:description\" content=\"Quale occasione migliore del Summer Event 2023 della Connect Informatics per ripercorrere insieme gli ultimi 20 anni dell\u2019azienda, con uno sguardo attento verso gli obiettivi fututi, il tutto condito da positivit\u00e0 e passione per l\u2019avvenire fruttuoso che ci aspetta! Metodo, convivenza e passione sono i tre elementi cardine che valorizzano la squadra e il lavoro della Connect Informatics!\" \/>\n<meta property=\"og:url\" content=\"https:\/\/www.connectequipe.com\/es\/2023\/07\/28\/summer-event-2023\/\" \/>\n<meta property=\"og:site_name\" content=\"Connect Equipe Healthcare\" \/>\n<meta property=\"article:published_time\" content=\"2023-07-28T14:26:46+00:00\" \/>\n<meta property=\"article:modified_time\" content=\"2025-07-11T10:32:18+00:00\" \/>\n<meta property=\"og:image\" content=\"https:\/\/www.connectequipe.com\/wp-content\/uploads\/2024\/01\/Cartella-Clinica-Elettronica-Socio-Assistenziale_hero.png\" \/>\n\t<meta property=\"og:image:width\" content=\"1078\" \/>\n\t<meta property=\"og:image:height\" content=\"712\" \/>\n\t<meta property=\"og:image:type\" content=\"image\/png\" \/>\n<meta name=\"author\" content=\"DEcoder\" \/>\n<meta name=\"twitter:card\" content=\"summary_large_image\" \/>\n<meta name=\"twitter:title\" content=\"Summer Event 2023: inaugurare le ferie estive con un weekend dedicato al Team Building\" \/>\n<meta name=\"twitter:description\" content=\"Quale occasione migliore del Summer Event 2023 della Connect Informatics per ripercorrere insieme gli ultimi 20 anni dell\u2019azienda, con uno sguardo attento verso gli obiettivi fututi, il tutto condito da positivit\u00e0 e passione per l\u2019avvenire fruttuoso che ci aspetta! Metodo, convivenza e passione sono i tre elementi cardine che valorizzano la squadra e il lavoro della Connect Informatics!\" \/>\n<meta name=\"twitter:label1\" content=\"Escrito por\" \/>\n\t<meta name=\"twitter:data1\" content=\"DEcoder\" \/>\n\t<meta name=\"twitter:label2\" content=\"Tiempo de lectura\" \/>\n\t<meta name=\"twitter:data2\" content=\"4 minutos\" \/>\n<script type=\"application\/ld+json\" class=\"yoast-schema-graph\">{\"@context\":\"https:\\\/\\\/schema.org\",\"@graph\":[{\"@type\":\"Article\",\"@id\":\"https:\\\/\\\/www.connectequipe.com\\\/es\\\/2023\\\/07\\\/28\\\/summer-event-2023\\\/#article\",\"isPartOf\":{\"@id\":\"https:\\\/\\\/www.connectequipe.com\\\/es\\\/2023\\\/07\\\/28\\\/summer-event-2023\\\/\"},\"author\":{\"name\":\"DEcoder\",\"@id\":\"https:\\\/\\\/www.connectequipe.com\\\/es\\\/#\\\/schema\\\/person\\\/87f719cd184e73cfd98585aa1eca1cd7\"},\"headline\":\"EVENTO DE VERANO 2023: TEAM BUILDING\",\"datePublished\":\"2023-07-28T14:26:46+00:00\",\"dateModified\":\"2025-07-11T10:32:18+00:00\",\"mainEntityOfPage\":{\"@id\":\"https:\\\/\\\/www.connectequipe.com\\\/es\\\/2023\\\/07\\\/28\\\/summer-event-2023\\\/\"},\"wordCount\":513,\"publisher\":{\"@id\":\"https:\\\/\\\/www.connectequipe.com\\\/es\\\/#organization\"},\"image\":{\"@id\":\"https:\\\/\\\/www.connectequipe.com\\\/es\\\/2023\\\/07\\\/28\\\/summer-event-2023\\\/#primaryimage\"},\"thumbnailUrl\":\"https:\\\/\\\/www.connectequipe.com\\\/wp-content\\\/uploads\\\/2023\\\/07\\\/Summer_Event_2023.jpg\",\"articleSection\":[\"Sin categorizar\"],\"inLanguage\":\"es\"},{\"@type\":\"WebPage\",\"@id\":\"https:\\\/\\\/www.connectequipe.com\\\/es\\\/2023\\\/07\\\/28\\\/summer-event-2023\\\/\",\"url\":\"https:\\\/\\\/www.connectequipe.com\\\/es\\\/2023\\\/07\\\/28\\\/summer-event-2023\\\/\",\"name\":\"EVENTO DE VERANO 2023: TEAM BUILDING - Connect Equipe Healthcare\",\"isPartOf\":{\"@id\":\"https:\\\/\\\/www.connectequipe.com\\\/es\\\/#website\"},\"primaryImageOfPage\":{\"@id\":\"https:\\\/\\\/www.connectequipe.com\\\/es\\\/2023\\\/07\\\/28\\\/summer-event-2023\\\/#primaryimage\"},\"image\":{\"@id\":\"https:\\\/\\\/www.connectequipe.com\\\/es\\\/2023\\\/07\\\/28\\\/summer-event-2023\\\/#primaryimage\"},\"thumbnailUrl\":\"https:\\\/\\\/www.connectequipe.com\\\/wp-content\\\/uploads\\\/2023\\\/07\\\/Summer_Event_2023.jpg\",\"datePublished\":\"2023-07-28T14:26:46+00:00\",\"dateModified\":\"2025-07-11T10:32:18+00:00\",\"description\":\"Este a\u00f1o Connect no organiz\u00f3 la cl\u00e1sica cena de empresa para sus empleados, sino un fin de semana de verano muy especial.\",\"breadcrumb\":{\"@id\":\"https:\\\/\\\/www.connectequipe.com\\\/es\\\/2023\\\/07\\\/28\\\/summer-event-2023\\\/#breadcrumb\"},\"inLanguage\":\"es\",\"potentialAction\":[{\"@type\":\"ReadAction\",\"target\":[\"https:\\\/\\\/www.connectequipe.com\\\/es\\\/2023\\\/07\\\/28\\\/summer-event-2023\\\/\"]}]},{\"@type\":\"ImageObject\",\"inLanguage\":\"es\",\"@id\":\"https:\\\/\\\/www.connectequipe.com\\\/es\\\/2023\\\/07\\\/28\\\/summer-event-2023\\\/#primaryimage\",\"url\":\"https:\\\/\\\/www.connectequipe.com\\\/wp-content\\\/uploads\\\/2023\\\/07\\\/Summer_Event_2023.jpg\",\"contentUrl\":\"https:\\\/\\\/www.connectequipe.com\\\/wp-content\\\/uploads\\\/2023\\\/07\\\/Summer_Event_2023.jpg\",\"width\":1024,\"height\":427},{\"@type\":\"BreadcrumbList\",\"@id\":\"https:\\\/\\\/www.connectequipe.com\\\/es\\\/2023\\\/07\\\/28\\\/summer-event-2023\\\/#breadcrumb\",\"itemListElement\":[{\"@type\":\"ListItem\",\"position\":1,\"name\":\"Home\",\"item\":\"https:\\\/\\\/www.connectequipe.com\\\/es\\\/\"},{\"@type\":\"ListItem\",\"position\":2,\"name\":\"EVENTO DE VERANO 2023: TEAM BUILDING\"}]},{\"@type\":\"WebSite\",\"@id\":\"https:\\\/\\\/www.connectequipe.com\\\/es\\\/#website\",\"url\":\"https:\\\/\\\/www.connectequipe.com\\\/es\\\/\",\"name\":\"Connect Equipe Healthcare\",\"description\":\"La soluzione dedicata all\u2019equipe di cura che semplifica il tuo lavoro\",\"publisher\":{\"@id\":\"https:\\\/\\\/www.connectequipe.com\\\/es\\\/#organization\"},\"alternateName\":\"Connect Equipe Healthcare\",\"potentialAction\":[{\"@type\":\"SearchAction\",\"target\":{\"@type\":\"EntryPoint\",\"urlTemplate\":\"https:\\\/\\\/www.connectequipe.com\\\/es\\\/?s={search_term_string}\"},\"query-input\":{\"@type\":\"PropertyValueSpecification\",\"valueRequired\":true,\"valueName\":\"search_term_string\"}}],\"inLanguage\":\"es\"},{\"@type\":\"Organization\",\"@id\":\"https:\\\/\\\/www.connectequipe.com\\\/es\\\/#organization\",\"name\":\"Connect Informatics\",\"url\":\"https:\\\/\\\/www.connectequipe.com\\\/es\\\/\",\"logo\":{\"@type\":\"ImageObject\",\"inLanguage\":\"es\",\"@id\":\"https:\\\/\\\/www.connectequipe.com\\\/es\\\/#\\\/schema\\\/logo\\\/image\\\/\",\"url\":\"https:\\\/\\\/www.connectequipe.com\\\/wp-content\\\/uploads\\\/2025\\\/06\\\/connect-base.svg\",\"contentUrl\":\"https:\\\/\\\/www.connectequipe.com\\\/wp-content\\\/uploads\\\/2025\\\/06\\\/connect-base.svg\",\"width\":442,\"height\":151,\"caption\":\"Connect Informatics\"},\"image\":{\"@id\":\"https:\\\/\\\/www.connectequipe.com\\\/es\\\/#\\\/schema\\\/logo\\\/image\\\/\"},\"sameAs\":[\"https:\\\/\\\/www.linkedin.com\\\/company\\\/connect-informatics\"]},{\"@type\":\"Person\",\"@id\":\"https:\\\/\\\/www.connectequipe.com\\\/es\\\/#\\\/schema\\\/person\\\/87f719cd184e73cfd98585aa1eca1cd7\",\"name\":\"DEcoder\",\"image\":{\"@type\":\"ImageObject\",\"inLanguage\":\"es\",\"@id\":\"https:\\\/\\\/secure.gravatar.com\\\/avatar\\\/9e41770444288f487414950f773b43cab15d67b5ba3fce0c46a19d56b7716d22?s=96&d=mm&r=g\",\"url\":\"https:\\\/\\\/secure.gravatar.com\\\/avatar\\\/9e41770444288f487414950f773b43cab15d67b5ba3fce0c46a19d56b7716d22?s=96&d=mm&r=g\",\"contentUrl\":\"https:\\\/\\\/secure.gravatar.com\\\/avatar\\\/9e41770444288f487414950f773b43cab15d67b5ba3fce0c46a19d56b7716d22?s=96&d=mm&r=g\",\"caption\":\"DEcoder\"},\"sameAs\":[\"https:\\\/\\\/www.connectequipe.com\"]}]}<\/script>\n<!-- \/ Yoast SEO plugin. -->","yoast_head_json":{"title":"EVENTO DE VERANO 2023: TEAM BUILDING - Connect Equipe Healthcare","description":"Este a\u00f1o Connect no organiz\u00f3 la cl\u00e1sica cena de empresa para sus empleados, sino un fin de semana de verano muy especial.","robots":{"index":"index","follow":"follow","max-snippet":"max-snippet:-1","max-image-preview":"max-image-preview:large","max-video-preview":"max-video-preview:-1"},"canonical":"https:\/\/www.connectequipe.com\/es\/2023\/07\/28\/summer-event-2023\/","og_locale":"es_ES","og_type":"article","og_title":"Summer Event 2023: inaugurare le ferie estive con un weekend dedicato al Team Building","og_description":"Quale occasione migliore del Summer Event 2023 della Connect Informatics per ripercorrere insieme gli ultimi 20 anni dell\u2019azienda, con uno sguardo attento verso gli obiettivi fututi, il tutto condito da positivit\u00e0 e passione per l\u2019avvenire fruttuoso che ci aspetta! Metodo, convivenza e passione sono i tre elementi cardine che valorizzano la squadra e il lavoro della Connect Informatics!","og_url":"https:\/\/www.connectequipe.com\/es\/2023\/07\/28\/summer-event-2023\/","og_site_name":"Connect Equipe Healthcare","article_published_time":"2023-07-28T14:26:46+00:00","article_modified_time":"2025-07-11T10:32:18+00:00","og_image":[{"width":1078,"height":712,"url":"https:\/\/www.connectequipe.com\/wp-content\/uploads\/2024\/01\/Cartella-Clinica-Elettronica-Socio-Assistenziale_hero.png","type":"image\/png"}],"author":"DEcoder","twitter_card":"summary_large_image","twitter_title":"Summer Event 2023: inaugurare le ferie estive con un weekend dedicato al Team Building","twitter_description":"Quale occasione migliore del Summer Event 2023 della Connect Informatics per ripercorrere insieme gli ultimi 20 anni dell\u2019azienda, con uno sguardo attento verso gli obiettivi fututi, il tutto condito da positivit\u00e0 e passione per l\u2019avvenire fruttuoso che ci aspetta! Metodo, convivenza e passione sono i tre elementi cardine che valorizzano la squadra e il lavoro della Connect Informatics!","twitter_misc":{"Escrito por":"DEcoder","Tiempo de lectura":"4 minutos"},"schema":{"@context":"https:\/\/schema.org","@graph":[{"@type":"Article","@id":"https:\/\/www.connectequipe.com\/es\/2023\/07\/28\/summer-event-2023\/#article","isPartOf":{"@id":"https:\/\/www.connectequipe.com\/es\/2023\/07\/28\/summer-event-2023\/"},"author":{"name":"DEcoder","@id":"https:\/\/www.connectequipe.com\/es\/#\/schema\/person\/87f719cd184e73cfd98585aa1eca1cd7"},"headline":"EVENTO DE VERANO 2023: TEAM BUILDING","datePublished":"2023-07-28T14:26:46+00:00","dateModified":"2025-07-11T10:32:18+00:00","mainEntityOfPage":{"@id":"https:\/\/www.connectequipe.com\/es\/2023\/07\/28\/summer-event-2023\/"},"wordCount":513,"publisher":{"@id":"https:\/\/www.connectequipe.com\/es\/#organization"},"image":{"@id":"https:\/\/www.connectequipe.com\/es\/2023\/07\/28\/summer-event-2023\/#primaryimage"},"thumbnailUrl":"https:\/\/www.connectequipe.com\/wp-content\/uploads\/2023\/07\/Summer_Event_2023.jpg","articleSection":["Sin categorizar"],"inLanguage":"es"},{"@type":"WebPage","@id":"https:\/\/www.connectequipe.com\/es\/2023\/07\/28\/summer-event-2023\/","url":"https:\/\/www.connectequipe.com\/es\/2023\/07\/28\/summer-event-2023\/","name":"EVENTO DE VERANO 2023: TEAM BUILDING - Connect Equipe Healthcare","isPartOf":{"@id":"https:\/\/www.connectequipe.com\/es\/#website"},"primaryImageOfPage":{"@id":"https:\/\/www.connectequipe.com\/es\/2023\/07\/28\/summer-event-2023\/#primaryimage"},"image":{"@id":"https:\/\/www.connectequipe.com\/es\/2023\/07\/28\/summer-event-2023\/#primaryimage"},"thumbnailUrl":"https:\/\/www.connectequipe.com\/wp-content\/uploads\/2023\/07\/Summer_Event_2023.jpg","datePublished":"2023-07-28T14:26:46+00:00","dateModified":"2025-07-11T10:32:18+00:00","description":"Este a\u00f1o Connect no organiz\u00f3 la cl\u00e1sica cena de empresa para sus empleados, sino un fin de semana de verano muy especial.","breadcrumb":{"@id":"https:\/\/www.connectequipe.com\/es\/2023\/07\/28\/summer-event-2023\/#breadcrumb"},"inLanguage":"es","potentialAction":[{"@type":"ReadAction","target":["https:\/\/www.connectequipe.com\/es\/2023\/07\/28\/summer-event-2023\/"]}]},{"@type":"ImageObject","inLanguage":"es","@id":"https:\/\/www.connectequipe.com\/es\/2023\/07\/28\/summer-event-2023\/#primaryimage","url":"https:\/\/www.connectequipe.com\/wp-content\/uploads\/2023\/07\/Summer_Event_2023.jpg","contentUrl":"https:\/\/www.connectequipe.com\/wp-content\/uploads\/2023\/07\/Summer_Event_2023.jpg","width":1024,"height":427},{"@type":"BreadcrumbList","@id":"https:\/\/www.connectequipe.com\/es\/2023\/07\/28\/summer-event-2023\/#breadcrumb","itemListElement":[{"@type":"ListItem","position":1,"name":"Home","item":"https:\/\/www.connectequipe.com\/es\/"},{"@type":"ListItem","position":2,"name":"EVENTO DE VERANO 2023: TEAM BUILDING"}]},{"@type":"WebSite","@id":"https:\/\/www.connectequipe.com\/es\/#website","url":"https:\/\/www.connectequipe.com\/es\/","name":"Connect Equipe Healthcare","description":"La soluzione dedicata all\u2019equipe di cura che semplifica il tuo lavoro","publisher":{"@id":"https:\/\/www.connectequipe.com\/es\/#organization"},"alternateName":"Connect Equipe Healthcare","potentialAction":[{"@type":"SearchAction","target":{"@type":"EntryPoint","urlTemplate":"https:\/\/www.connectequipe.com\/es\/?s={search_term_string}"},"query-input":{"@type":"PropertyValueSpecification","valueRequired":true,"valueName":"search_term_string"}}],"inLanguage":"es"},{"@type":"Organization","@id":"https:\/\/www.connectequipe.com\/es\/#organization","name":"Connect Informatics","url":"https:\/\/www.connectequipe.com\/es\/","logo":{"@type":"ImageObject","inLanguage":"es","@id":"https:\/\/www.connectequipe.com\/es\/#\/schema\/logo\/image\/","url":"https:\/\/www.connectequipe.com\/wp-content\/uploads\/2025\/06\/connect-base.svg","contentUrl":"https:\/\/www.connectequipe.com\/wp-content\/uploads\/2025\/06\/connect-base.svg","width":442,"height":151,"caption":"Connect Informatics"},"image":{"@id":"https:\/\/www.connectequipe.com\/es\/#\/schema\/logo\/image\/"},"sameAs":["https:\/\/www.linkedin.com\/company\/connect-informatics"]},{"@type":"Person","@id":"https:\/\/www.connectequipe.com\/es\/#\/schema\/person\/87f719cd184e73cfd98585aa1eca1cd7","name":"DEcoder","image":{"@type":"ImageObject","inLanguage":"es","@id":"https:\/\/secure.gravatar.com\/avatar\/9e41770444288f487414950f773b43cab15d67b5ba3fce0c46a19d56b7716d22?s=96&d=mm&r=g","url":"https:\/\/secure.gravatar.com\/avatar\/9e41770444288f487414950f773b43cab15d67b5ba3fce0c46a19d56b7716d22?s=96&d=mm&r=g","contentUrl":"https:\/\/secure.gravatar.com\/avatar\/9e41770444288f487414950f773b43cab15d67b5ba3fce0c46a19d56b7716d22?s=96&d=mm&r=g","caption":"DEcoder"},"sameAs":["https:\/\/www.connectequipe.com"]}]}},"_links":{"self":[{"href":"https:\/\/www.connectequipe.com\/es\/wp-json\/wp\/v2\/posts\/5150","targetHints":{"allow":["GET"]}}],"collection":[{"href":"https:\/\/www.connectequipe.com\/es\/wp-json\/wp\/v2\/posts"}],"about":[{"href":"https:\/\/www.connectequipe.com\/es\/wp-json\/wp\/v2\/types\/post"}],"author":[{"embeddable":true,"href":"https:\/\/www.connectequipe.com\/es\/wp-json\/wp\/v2\/users\/1"}],"replies":[{"embeddable":true,"href":"https:\/\/www.connectequipe.com\/es\/wp-json\/wp\/v2\/comments?post=5150"}],"version-history":[{"count":0,"href":"https:\/\/www.connectequipe.com\/es\/wp-json\/wp\/v2\/posts\/5150\/revisions"}],"wp:featuredmedia":[{"embeddable":true,"href":"https:\/\/www.connectequipe.com\/es\/wp-json\/wp\/v2\/media\/3981"}],"wp:attachment":[{"href":"https:\/\/www.connectequipe.com\/es\/wp-json\/wp\/v2\/media?parent=5150"}],"wp:term":[{"taxonomy":"category","embeddable":true,"href":"https:\/\/www.connectequipe.com\/es\/wp-json\/wp\/v2\/categories?post=5150"},{"taxonomy":"post_tag","embeddable":true,"href":"https:\/\/www.connectequipe.com\/es\/wp-json\/wp\/v2\/tags?post=5150"}],"curies":[{"name":"wp","href":"https:\/\/api.w.org\/{rel}","templated":true}]}}