{"id":8101,"date":"2026-01-23T17:46:29","date_gmt":"2026-01-23T16:46:29","guid":{"rendered":"https:\/\/www.connectequipe.com\/?p=8101"},"modified":"2026-01-23T18:55:59","modified_gmt":"2026-01-23T17:55:59","slug":"rgpd-y-datos-sociosanitarios-la-evolucion-normativa-hacia-2027","status":"publish","type":"post","link":"https:\/\/www.connectequipe.com\/es\/2026\/01\/23\/rgpd-y-datos-sociosanitarios-la-evolucion-normativa-hacia-2027\/","title":{"rendered":"RGPD y datos sociosanitarios: la evoluci\u00f3n normativa hacia 2027"},"content":{"rendered":"<p><span data-contrast=\"auto\">El\u00a0tratamiento\u00a0de\u00a0los\u00a0datos\u00a0sociosanitarios\u00a0ha\u00a0sido\u00a0siempre\u00a0uno de\u00a0los\u00a0\u00e1mbitos\u00a0m\u00e1s\u00a0sensibles\u00a0de la\u00a0protecci\u00f3n\u00a0de\u00a0datos\u00a0personales. Con la\u00a0entrada\u00a0en\u00a0aplicaci\u00f3n\u00a0del\u00a0Reglamento\u00a0(UE) 2016\/679 (RGPD) en 2018, la\u00a0Uni\u00f3n\u00a0Europea\u00a0introdujo\u00a0un\u00a0modelo\u00a0basado\u00a0en la\u00a0responsabilidad\u00a0proactiva,\u00a0el\u00a0enfoque\u00a0basado\u00a0en\u00a0el\u00a0riesgo\u00a0y\u00a0el\u00a0refuerzo\u00a0de\u00a0las\u00a0medidas\u00a0de\u00a0seguridad.<\/span><span data-ccp-props=\"{&quot;134233117&quot;:false,&quot;134233118&quot;:false,&quot;335559738&quot;:240,&quot;335559739&quot;:240}\">\u00a0<\/span><\/p>\n<p><span data-contrast=\"auto\">A\u00a0varios\u00a0a\u00f1os\u00a0de su\u00a0aplicaci\u00f3n,\u00a0el\u00a0RGPD no\u00a0est\u00e1\u00a0siendo\u00a0sustituido\u00a0ni\u00a0reescrito, sino\u00a0que\u00a0est\u00e1\u00a0entrando en una fase de\u00a0madurez\u00a0normativa. La\u00a0experiencia\u00a0operativa, la\u00a0jurisprudencia\u00a0y\u00a0las\u00a0orientaciones\u00a0de\u00a0las\u00a0autoridades\u00a0de control\u00a0est\u00e1n\u00a0influyendo\u00a0progresivamente\u00a0en la forma en\u00a0que\u00a0las\u00a0normas\u00a0existentes\u00a0deben\u00a0interpretarse\u00a0y\u00a0aplicarse,\u00a0especialmente\u00a0en\u00a0el\u00a0sector\u00a0sociosanitario.<\/span><br \/>\n<span data-contrast=\"auto\">Este\u00a0proceso\u00a0evolutivo\u00a0conducir\u00e1\u00a0a un marco\u00a0m\u00e1s\u00a0estructurado\u00a0e\u00a0integrado,\u00a0cuyo\u00a0punto de\u00a0consolidaci\u00f3n\u00a0se\u00a0espera\u00a0a partir de 2027,\u00a0en\u00a0el\u00a0contexto\u00a0de\u00a0las\u00a0iniciativas\u00a0europeas\u00a0dedicadas\u00a0a\u00a0los\u00a0datos\u00a0de\u00a0salud.<\/span><span data-ccp-props=\"{&quot;134233117&quot;:false,&quot;134233118&quot;:false,&quot;335559738&quot;:240,&quot;335559739&quot;:240}\">\u00a0<\/span><\/p>\n<p><span data-ccp-props=\"{}\">\u00a0<\/span><\/p>\n<h3 data-start=\"934\" data-end=\"1017\"><strong data-start=\"938\" data-end=\"1017\">Qu\u00e9 cambia en 2026: mayor supervisi\u00f3n y refuerzo de la aplicaci\u00f3n normativa<\/strong><\/h3>\n<p data-start=\"1019\" data-end=\"1255\">En 2026, el enfoque se centra en una aplicaci\u00f3n m\u00e1s rigurosa de los principios del RGPD: aumenta el nivel de exigencia hacia las organizaciones que tratan datos sanitarios, que deben demostrar controles concretos y gesti\u00f3n efectiva de riesgos.<\/p>\n<p data-start=\"1257\" data-end=\"1651\">Las autoridades de control, tambi\u00e9n a la luz del aumento de los riesgos cibern\u00e9ticos y de la complejidad de los sistemas de informaci\u00f3n sanitaria, exigen una aplicaci\u00f3n cada vez m\u00e1s concreta y demostrable de los principios del RGPD. El cumplimiento ya no se eval\u00faa \u00fanicamente en t\u00e9rminos documentales, sino en la capacidad real de la organizaci\u00f3n para gestionar el riesgo a lo largo del tiempo.<\/p>\n<p><span data-ccp-props=\"{}\">\u00a0<\/span><\/p>\n<h2 aria-level=\"2\"><b><span data-contrast=\"auto\">\u00c1mbitos\u00a0bajo\u00a0mayor\u00a0atenci\u00f3n<\/span><\/b><span data-ccp-props=\"{&quot;134233117&quot;:false,&quot;134233118&quot;:false,&quot;134245418&quot;:true,&quot;134245529&quot;:true,&quot;335559738&quot;:299,&quot;335559739&quot;:299}\">\u00a0<\/span><\/h2>\n<h3><span data-contrast=\"auto\">Ya\u00a0hoy, y de forma\u00a0a\u00fan\u00a0m\u00e1s\u00a0marcada\u00a0en 2026, se\u00a0exige\u00a0a\u00a0las\u00a0organizaciones\u00a0sanitarias\u00a0que\u00a0demuestren:<\/span><span data-ccp-props=\"{&quot;134233117&quot;:false,&quot;134233118&quot;:false,&quot;335559738&quot;:240,&quot;335559739&quot;:240}\">\u00a0<\/span><\/h3>\n<ul>\n<li aria-setsize=\"-1\" data-leveltext=\"\uf0b7\" data-font=\"Symbol\" data-listid=\"6\" data-list-defn-props=\"{&quot;335552541&quot;:1,&quot;335559685&quot;:720,&quot;335559991&quot;:360,&quot;469769226&quot;:&quot;Symbol&quot;,&quot;469769242&quot;:[8226],&quot;469777803&quot;:&quot;left&quot;,&quot;469777804&quot;:&quot;\uf0b7&quot;,&quot;469777815&quot;:&quot;hybridMultilevel&quot;}\" data-aria-posinset=\"1\" data-aria-level=\"1\"><span data-contrast=\"auto\">controles\u00a0de acceso\u00a0eficaces, con\u00a0gesti\u00f3n\u00a0granular de\u00a0perfiles\u00a0y\u00a0trazabilidad\u00a0de\u00a0las\u00a0operaciones;<\/span><span data-ccp-props=\"{&quot;134233117&quot;:false,&quot;134233118&quot;:false,&quot;335559738&quot;:240,&quot;335559739&quot;:240}\">\u00a0<\/span><\/li>\n<\/ul>\n<ul>\n<li aria-setsize=\"-1\" data-leveltext=\"\uf0b7\" data-font=\"Symbol\" data-listid=\"6\" data-list-defn-props=\"{&quot;335552541&quot;:1,&quot;335559685&quot;:720,&quot;335559991&quot;:360,&quot;469769226&quot;:&quot;Symbol&quot;,&quot;469769242&quot;:[8226],&quot;469777803&quot;:&quot;left&quot;,&quot;469777804&quot;:&quot;\uf0b7&quot;,&quot;469777815&quot;:&quot;hybridMultilevel&quot;}\" data-aria-posinset=\"2\" data-aria-level=\"1\"><span data-contrast=\"auto\">revisiones\u00a0peri\u00f3dicas\u00a0documentadas\u00a0de\u00a0las\u00a0medidas\u00a0de\u00a0seguridad,\u00a0los\u00a0procesos\u00a0internos\u00a0y\u00a0los\u00a0proveedores;<\/span><span data-ccp-props=\"{&quot;134233117&quot;:false,&quot;134233118&quot;:false,&quot;335559738&quot;:240,&quot;335559739&quot;:240}\">\u00a0<\/span><\/li>\n<\/ul>\n<ul>\n<li aria-setsize=\"-1\" data-leveltext=\"\uf0b7\" data-font=\"Symbol\" data-listid=\"6\" data-list-defn-props=\"{&quot;335552541&quot;:1,&quot;335559685&quot;:720,&quot;335559991&quot;:360,&quot;469769226&quot;:&quot;Symbol&quot;,&quot;469769242&quot;:[8226],&quot;469777803&quot;:&quot;left&quot;,&quot;469777804&quot;:&quot;\uf0b7&quot;,&quot;469777815&quot;:&quot;hybridMultilevel&quot;}\" data-aria-posinset=\"3\" data-aria-level=\"1\"><span data-contrast=\"auto\">planes\u00a0de\u00a0continuidad\u00a0de\u00a0negocio\u00a0y\u00a0recuperaci\u00f3n\u00a0ante\u00a0desastres\u00a0actualizados\u00a0y\u00a0coherentes\u00a0con\u00a0el\u00a0escenario\u00a0actual\u00a0de\u00a0amenazas\u00a0inform\u00e1ticas;<\/span><span data-ccp-props=\"{&quot;134233117&quot;:false,&quot;134233118&quot;:false,&quot;335559738&quot;:240,&quot;335559739&quot;:240}\">\u00a0<\/span><\/li>\n<\/ul>\n<ul>\n<li aria-setsize=\"-1\" data-leveltext=\"\uf0b7\" data-font=\"Symbol\" data-listid=\"6\" data-list-defn-props=\"{&quot;335552541&quot;:1,&quot;335559685&quot;:720,&quot;335559991&quot;:360,&quot;469769226&quot;:&quot;Symbol&quot;,&quot;469769242&quot;:[8226],&quot;469777803&quot;:&quot;left&quot;,&quot;469777804&quot;:&quot;\uf0b7&quot;,&quot;469777815&quot;:&quot;hybridMultilevel&quot;}\" data-aria-posinset=\"4\" data-aria-level=\"1\"><span data-contrast=\"auto\">formaci\u00f3n\u00a0del personal\u00a0orientada\u00a0a la\u00a0pr\u00e1ctica,\u00a0respaldada\u00a0por\u00a0evidencias\u00a0y\u00a0procedimientos\u00a0operativos;<\/span><span data-ccp-props=\"{&quot;134233117&quot;:false,&quot;134233118&quot;:false,&quot;335559738&quot;:240,&quot;335559739&quot;:240}\">\u00a0<\/span><\/li>\n<\/ul>\n<ul>\n<li aria-setsize=\"-1\" data-leveltext=\"\uf0b7\" data-font=\"Symbol\" data-listid=\"6\" data-list-defn-props=\"{&quot;335552541&quot;:1,&quot;335559685&quot;:720,&quot;335559991&quot;:360,&quot;469769226&quot;:&quot;Symbol&quot;,&quot;469769242&quot;:[8226],&quot;469777803&quot;:&quot;left&quot;,&quot;469777804&quot;:&quot;\uf0b7&quot;,&quot;469777815&quot;:&quot;hybridMultilevel&quot;}\" data-aria-posinset=\"5\" data-aria-level=\"1\"><span data-contrast=\"auto\">una\u00a0rendici\u00f3n\u00a0de\u00a0cuentas\u00a0sustancial, en la\u00a0que\u00a0lo\u00a0definido\u00a0en\u00a0las\u00a0pol\u00edticas\u00a0se\u00a0aplique\u00a0efectivamente\u00a0y\u00a0sea\u00a0verificable.<\/span><span data-ccp-props=\"{&quot;134233117&quot;:false,&quot;134233118&quot;:false,&quot;335559738&quot;:240,&quot;335559739&quot;:240}\">\u00a0<\/span><\/li>\n<\/ul>\n<p><span data-contrast=\"auto\">Se\u00a0trata, por tanto, de una\u00a0evoluci\u00f3n\u00a0en la\u00a0aplicaci\u00f3n\u00a0del RGPD, no de un cambio normativo\u00a0formal.<\/span><span data-ccp-props=\"{&quot;134233117&quot;:false,&quot;134233118&quot;:false,&quot;335559738&quot;:240,&quot;335559739&quot;:240}\">\u00a0<\/span><\/p>\n<h2 aria-level=\"2\"><b><span data-contrast=\"auto\">Por\u00a0qu\u00e9\u00a02027\u00a0ser\u00e1\u00a0el\u00a0verdadero punto de\u00a0inflexi\u00f3n<\/span><\/b><span data-ccp-props=\"{&quot;134233117&quot;:false,&quot;134233118&quot;:false,&quot;134245418&quot;:true,&quot;134245529&quot;:true,&quot;201341983&quot;:0,&quot;335551550&quot;:1,&quot;335551620&quot;:1,&quot;335559685&quot;:0,&quot;335559737&quot;:0,&quot;335559738&quot;:373,&quot;335559739&quot;:373,&quot;335559740&quot;:279}\">\u00a0<\/span><\/h2>\n<p><span data-contrast=\"auto\">El\u00a0a\u00f1o\u00a02027\u00a0representa\u00a0un\u00a0hito\u00a0clave,\u00a0ya\u00a0que\u00a0coincide con la\u00a0entrada\u00a0en una fase\u00a0m\u00e1s\u00a0operativa del\u00a0nuevo\u00a0marco europeo\u00a0sobre\u00a0datos\u00a0s<\/span><span data-contrast=\"auto\">ocios<\/span><span data-contrast=\"auto\">anitarios, en\u00a0particular\u00a0en\u00a0el\u00a0contexto\u00a0del\u00a0European\u00a0Health Data Space (EHDS)\u00a0y de\u00a0las\u00a0nuevas\u00a0normas\u00a0procedimentales\u00a0de\u00a0apoyo\u00a0a la\u00a0aplicaci\u00f3n\u00a0del RGPD.<\/span><span data-ccp-props=\"{&quot;134233117&quot;:false,&quot;134233118&quot;:false,&quot;335559738&quot;:240,&quot;335559739&quot;:240}\">\u00a0<\/span><\/p>\n<p><span data-contrast=\"auto\">Estas\u00a0iniciativas\u00a0no\u00a0sustituyen\u00a0al RGPD, sino\u00a0que\u00a0lo\u00a0complementan\u00a0y lo\u00a0hacen\u00a0m\u00e1s\u00a0estructurado\u00a0para\u00a0el\u00a0sector\u00a0sociosanitario,\u00a0reforzando\u00a0especialmente:<\/span><span data-ccp-props=\"{&quot;134233117&quot;:false,&quot;134233118&quot;:false,&quot;335559738&quot;:240,&quot;335559739&quot;:240}\">\u00a0<\/span><\/p>\n<ul>\n<li aria-setsize=\"-1\" data-leveltext=\"\uf0b7\" data-font=\"Symbol\" data-listid=\"7\" data-list-defn-props=\"{&quot;335552541&quot;:1,&quot;335559685&quot;:720,&quot;335559991&quot;:360,&quot;469769226&quot;:&quot;Symbol&quot;,&quot;469769242&quot;:[8226],&quot;469777803&quot;:&quot;left&quot;,&quot;469777804&quot;:&quot;\uf0b7&quot;,&quot;469777815&quot;:&quot;hybridMultilevel&quot;}\" data-aria-posinset=\"1\" data-aria-level=\"1\"><span data-contrast=\"auto\">la\u00a0trazabilidad\u00a0de\u00a0los\u00a0tratamientos\u00a0y de\u00a0los\u00a0accesos\u00a0a\u00a0los\u00a0datos;<\/span><span data-ccp-props=\"{&quot;134233117&quot;:false,&quot;134233118&quot;:false,&quot;335559738&quot;:240,&quot;335559739&quot;:240}\">\u00a0<\/span><\/li>\n<\/ul>\n<ul>\n<li aria-setsize=\"-1\" data-leveltext=\"\uf0b7\" data-font=\"Symbol\" data-listid=\"7\" data-list-defn-props=\"{&quot;335552541&quot;:1,&quot;335559685&quot;:720,&quot;335559991&quot;:360,&quot;469769226&quot;:&quot;Symbol&quot;,&quot;469769242&quot;:[8226],&quot;469777803&quot;:&quot;left&quot;,&quot;469777804&quot;:&quot;\uf0b7&quot;,&quot;469777815&quot;:&quot;hybridMultilevel&quot;}\" data-aria-posinset=\"2\" data-aria-level=\"1\"><span data-contrast=\"auto\">la\u00a0documentaci\u00f3n\u00a0continua de\u00a0las\u00a0decisiones\u00a0organizativas\u00a0y\u00a0tecnol\u00f3gicas;<\/span><span data-ccp-props=\"{&quot;134233117&quot;:false,&quot;134233118&quot;:false,&quot;335559738&quot;:240,&quot;335559739&quot;:240}\">\u00a0<\/span><\/li>\n<\/ul>\n<ul>\n<li aria-setsize=\"-1\" data-leveltext=\"\uf0b7\" data-font=\"Symbol\" data-listid=\"7\" data-list-defn-props=\"{&quot;335552541&quot;:1,&quot;335559685&quot;:720,&quot;335559991&quot;:360,&quot;469769226&quot;:&quot;Symbol&quot;,&quot;469769242&quot;:[8226],&quot;469777803&quot;:&quot;left&quot;,&quot;469777804&quot;:&quot;\uf0b7&quot;,&quot;469777815&quot;:&quot;hybridMultilevel&quot;}\" data-aria-posinset=\"3\" data-aria-level=\"1\"><span data-contrast=\"auto\">las\u00a0evaluaciones\u00a0de\u00a0impacto\u00a0(DPIA) para\u00a0tratamientos\u00a0de alto\u00a0riesgo;<\/span><span data-ccp-props=\"{&quot;134233117&quot;:false,&quot;134233118&quot;:false,&quot;335559738&quot;:240,&quot;335559739&quot;:240}\">\u00a0<\/span><\/li>\n<\/ul>\n<ul>\n<li aria-setsize=\"-1\" data-leveltext=\"\uf0b7\" data-font=\"Symbol\" data-listid=\"7\" data-list-defn-props=\"{&quot;335552541&quot;:1,&quot;335559685&quot;:720,&quot;335559991&quot;:360,&quot;469769226&quot;:&quot;Symbol&quot;,&quot;469769242&quot;:[8226],&quot;469777803&quot;:&quot;left&quot;,&quot;469777804&quot;:&quot;\uf0b7&quot;,&quot;469777815&quot;:&quot;hybridMultilevel&quot;}\" data-aria-posinset=\"4\" data-aria-level=\"1\"><span data-contrast=\"auto\">la\u00a0cooperaci\u00f3n\u00a0entre\u00a0responsables\u00a0del\u00a0tratamiento,\u00a0proveedores\u00a0tecnol\u00f3gicos\u00a0y\u00a0autoridades\u00a0de control;<\/span><span data-ccp-props=\"{&quot;134233117&quot;:false,&quot;134233118&quot;:false,&quot;335559738&quot;:240,&quot;335559739&quot;:240}\">\u00a0<\/span><\/li>\n<\/ul>\n<ul>\n<li aria-setsize=\"-1\" data-leveltext=\"\uf0b7\" data-font=\"Symbol\" data-listid=\"7\" data-list-defn-props=\"{&quot;335552541&quot;:1,&quot;335559685&quot;:720,&quot;335559991&quot;:360,&quot;469769226&quot;:&quot;Symbol&quot;,&quot;469769242&quot;:[8226],&quot;469777803&quot;:&quot;left&quot;,&quot;469777804&quot;:&quot;\uf0b7&quot;,&quot;469777815&quot;:&quot;hybridMultilevel&quot;}\" data-aria-posinset=\"5\" data-aria-level=\"1\"><span data-contrast=\"auto\">la\u00a0obligaci\u00f3n\u00a0de\u00a0actualizaci\u00f3n\u00a0constante de\u00a0sistemas, software y\u00a0medidas\u00a0de\u00a0seguridad.<\/span><span data-ccp-props=\"{&quot;134233117&quot;:false,&quot;134233118&quot;:false,&quot;335559738&quot;:240,&quot;335559739&quot;:240}\">\u00a0<\/span><\/li>\n<\/ul>\n<p><span data-contrast=\"auto\">A partir de 2027, la\u00a0gesti\u00f3n\u00a0de\u00a0los\u00a0datos\u00a0sociosanitarios\u00a0dejar\u00e1\u00a0de ser un\u00a0tema\u00a0aislado\u00a0de \u201cprivacidad\u201d\u00a0para\u00a0convertirse\u00a0en un elemento\u00a0central\u00a0de la\u00a0gobernanza, la\u00a0ciberseguridad\u00a0y la\u00a0estrategia\u00a0digital.<\/span><span data-ccp-props=\"{&quot;134233117&quot;:false,&quot;134233118&quot;:false,&quot;335559738&quot;:240,&quot;335559739&quot;:240}\">\u00a0<\/span><\/p>\n<p><span data-ccp-props=\"{}\">\u00a0<\/span><\/p>\n<h2 aria-level=\"2\"><b><span data-contrast=\"auto\">Por\u00a0qu\u00e9\u00a0prepararse\u00a0ahora\u00a0marca la\u00a0diferencia<\/span><\/b><span data-ccp-props=\"{&quot;134233117&quot;:false,&quot;134233118&quot;:false,&quot;134245418&quot;:true,&quot;134245529&quot;:true,&quot;201341983&quot;:0,&quot;335551550&quot;:1,&quot;335551620&quot;:1,&quot;335559685&quot;:0,&quot;335559737&quot;:0,&quot;335559738&quot;:299,&quot;335559739&quot;:299,&quot;335559740&quot;:279}\">\u00a0<\/span><\/h2>\n<p><span data-contrast=\"auto\">Muchas\u00a0organizaciones\u00a0sanitarias\u00a0consideran\u00a0hoy\u00a0que\u00a0cumplen\u00a0con\u00a0el\u00a0RGPD. Sin embargo, esta\u00a0percepci\u00f3n\u00a0suele\u00a0basarse\u00a0en un\u00a0cumplimiento\u00a0principalmente\u00a0formal\u00a0o en\u00a0activos\u00a0tecnol\u00f3gicos\u00a0que\u00a0ya\u00a0no\u00a0son\u00a0adecuados\u00a0al\u00a0contexto\u00a0actual.<\/span><span data-ccp-props=\"{&quot;134233117&quot;:false,&quot;134233118&quot;:false,&quot;335559738&quot;:240,&quot;335559739&quot;:240}\">\u00a0<\/span><\/p>\n<p><span data-contrast=\"auto\">El\u00a0riesgo\u00a0no\u00a0reside\u00a0tanto en la\u00a0introducci\u00f3n\u00a0repentina de\u00a0nuevas\u00a0normas, sino en la\u00a0incapacidad\u00a0de\u00a0demostrar\u00a0a lo\u00a0largo del\u00a0tiempo\u00a0la\u00a0aplicaci\u00f3n\u00a0efectiva\u00a0de\u00a0los\u00a0principios\u00a0del RGPD en un\u00a0entorno\u00a0de\u00a0amenazas,\u00a0sistemas\u00a0y\u00a0modelos\u00a0organizativos\u00a0en constante\u00a0evoluci\u00f3n.<\/span><br \/>\n<span data-contrast=\"auto\">Las\u00a0organizaciones\u00a0que\u00a0empiecen\u00a0ya\u00a0a\u00a0alinearse\u00a0con un\u00a0enfoque\u00a0m\u00e1s\u00a0estructurado\u00a0y\u00a0sustancial\u00a0estar\u00e1n\u00a0naturalmente\u00a0mejor\u00a0preparadas\u00a0para\u00a0afrontar\u00a0el\u00a0marco\u00a0regulatorio\u00a0que\u00a0se\u00a0consolidar\u00e1\u00a0a partir de 2027,\u00a0reduciendo\u00a0la\u00a0exposici\u00f3n\u00a0a\u00a0sanciones,\u00a0incidentes\u00a0y\u00a0problemas\u00a0operativos.<\/span><span data-ccp-props=\"{&quot;134233117&quot;:false,&quot;134233118&quot;:false,&quot;335559738&quot;:240,&quot;335559739&quot;:240}\">\u00a0<\/span><\/p>\n<p><span data-ccp-props=\"{}\">\u00a0<\/span><span data-contrast=\"auto\">La\u00a0evoluci\u00f3n\u00a0normativa\u00a0hacia\u00a02027\u00a0confirma\u00a0una\u00a0direcci\u00f3n\u00a0cada\u00a0vez\u00a0m\u00e1s\u00a0clara: la\u00a0protecci\u00f3n\u00a0de\u00a0los\u00a0datos\u00a0sociosanitarios\u00a0requiere\u00a0una cultura de\u00a0seguridad\u00a0integrada,\u00a0que\u00a0combine\u00a0tecnolog\u00eda,\u00a0organizaci\u00f3n\u00a0y\u00a0responsabilidad.<\/span><span data-ccp-props=\"{&quot;134233117&quot;:false,&quot;134233118&quot;:false,&quot;335559738&quot;:240,&quot;335559739&quot;:240}\">\u00a0<\/span><\/p>\n<p><span data-contrast=\"auto\">Ya\u00a0no es\u00a0suficiente\u00a0\u201cser conforme\u201d en un momento\u00a0determinado.<\/span><br \/>\n<span data-contrast=\"auto\">Prevenir, verificar, documentar y\u00a0actualizar\u00a0constantemente\u00a0los\u00a0sistemas\u00a0se\u00a0convierte\u00a0en un requisito\u00a0esencial\u00a0para operar en un\u00a0entorno\u00a0regulatorio\u00a0cada\u00a0vez\u00a0m\u00e1s\u00a0maduro\u00a0y\u00a0exigente.<\/span><br \/>\n<span data-contrast=\"auto\">El\u00a0cumplimiento\u00a0de\u00a0hoy\u00a0no\u00a0garantiza\u00a0autom\u00e1ticamente\u00a0el\u00a0de\u00a0ma\u00f1ana:\u00a0prepararse\u00a0ahora\u00a0es\u00a0el\u00a0verdadero\u00a0factor\u00a0habilitador\u00a0para\u00a0afrontar\u00a02027 con\u00a0solidez\u00a0y\u00a0conciencia.<\/span><span data-ccp-props=\"{&quot;134233117&quot;:false,&quot;134233118&quot;:false,&quot;335559738&quot;:240,&quot;335559739&quot;:240}\">\u00a0<\/span><\/p>\n","protected":false},"excerpt":{"rendered":"<p>El RGPD en el \u00e1mbito de los datos sanitarios no cambia sus normas, sino que evoluciona en su aplicaci\u00f3n: en 2026 se refuerza el rigor de los controles, mientras que a partir de 2027 el marco europeo se consolida con un enfoque m\u00e1s estructurado y operativo. Prepararse ahora significa garantizar seguridad, gobernanza y continuidad a lo largo del tiempo.<\/p>\n","protected":false},"author":5,"featured_media":8102,"comment_status":"closed","ping_status":"closed","sticky":false,"template":"","format":"standard","meta":{"_acf_changed":false,"footnotes":""},"categories":[48],"tags":[],"class_list":["post-8101","post","type-post","status-publish","format-standard","has-post-thumbnail","hentry","category-sin-categorizar"],"acf":[],"yoast_head":"<!-- This site is optimized with the Yoast SEO plugin v27.5 - https:\/\/yoast.com\/product\/yoast-seo-wordpress\/ -->\n<title>RGPD y datos sociosanitarios: la evoluci\u00f3n normativa hacia 2027 - Connect Equipe Healthcare<\/title>\n<meta name=\"description\" content=\"Conoce la evoluci\u00f3n del RGPD en el sector sociosanitario hacia 2027: mayor exigencia en la aplicaci\u00f3n, responsabilidad efectiva y alineaci\u00f3n con el marco europeo de datos de salud.\" \/>\n<meta name=\"robots\" content=\"index, follow, max-snippet:-1, max-image-preview:large, max-video-preview:-1\" \/>\n<link rel=\"canonical\" href=\"https:\/\/www.connectequipe.com\/es\/2026\/01\/23\/rgpd-y-datos-sociosanitarios-la-evolucion-normativa-hacia-2027\/\" \/>\n<meta property=\"og:locale\" content=\"es_ES\" \/>\n<meta property=\"og:type\" content=\"article\" \/>\n<meta property=\"og:title\" content=\"RGPD y datos sociosanitarios: la evoluci\u00f3n normativa hacia 2027 - Connect Equipe Healthcare\" \/>\n<meta property=\"og:description\" content=\"Conoce la evoluci\u00f3n del RGPD en el sector sociosanitario hacia 2027: mayor exigencia en la aplicaci\u00f3n, responsabilidad efectiva y alineaci\u00f3n con el marco europeo de datos de salud.\" \/>\n<meta property=\"og:url\" content=\"https:\/\/www.connectequipe.com\/es\/2026\/01\/23\/rgpd-y-datos-sociosanitarios-la-evolucion-normativa-hacia-2027\/\" \/>\n<meta property=\"og:site_name\" content=\"Connect Equipe Healthcare\" \/>\n<meta property=\"article:published_time\" content=\"2026-01-23T16:46:29+00:00\" \/>\n<meta property=\"article:modified_time\" content=\"2026-01-23T17:55:59+00:00\" \/>\n<meta property=\"og:image\" content=\"https:\/\/www.connectequipe.com\/wp-content\/uploads\/2026\/01\/GDPR-la-sicurezza-dei-dati-sanitari-evolve-SPA.jpg\" \/>\n\t<meta property=\"og:image:width\" content=\"1920\" \/>\n\t<meta property=\"og:image:height\" content=\"800\" \/>\n\t<meta property=\"og:image:type\" content=\"image\/jpeg\" \/>\n<meta name=\"author\" content=\"Giulia Gambari\" \/>\n<meta name=\"twitter:card\" content=\"summary_large_image\" \/>\n<meta name=\"twitter:label1\" content=\"Escrito por\" \/>\n\t<meta name=\"twitter:data1\" content=\"Giulia Gambari\" \/>\n\t<meta name=\"twitter:label2\" content=\"Tiempo de lectura\" \/>\n\t<meta name=\"twitter:data2\" content=\"5 minutos\" \/>\n<script type=\"application\/ld+json\" class=\"yoast-schema-graph\">{\"@context\":\"https:\\\/\\\/schema.org\",\"@graph\":[{\"@type\":\"Article\",\"@id\":\"https:\\\/\\\/www.connectequipe.com\\\/es\\\/2026\\\/01\\\/23\\\/rgpd-y-datos-sociosanitarios-la-evolucion-normativa-hacia-2027\\\/#article\",\"isPartOf\":{\"@id\":\"https:\\\/\\\/www.connectequipe.com\\\/es\\\/2026\\\/01\\\/23\\\/rgpd-y-datos-sociosanitarios-la-evolucion-normativa-hacia-2027\\\/\"},\"author\":{\"name\":\"Giulia Gambari\",\"@id\":\"https:\\\/\\\/www.connectequipe.com\\\/es\\\/#\\\/schema\\\/person\\\/5d065e2cfbc38382385ddde027457880\"},\"headline\":\"RGPD y datos sociosanitarios: la evoluci\u00f3n normativa hacia 2027\",\"datePublished\":\"2026-01-23T16:46:29+00:00\",\"dateModified\":\"2026-01-23T17:55:59+00:00\",\"mainEntityOfPage\":{\"@id\":\"https:\\\/\\\/www.connectequipe.com\\\/es\\\/2026\\\/01\\\/23\\\/rgpd-y-datos-sociosanitarios-la-evolucion-normativa-hacia-2027\\\/\"},\"wordCount\":825,\"publisher\":{\"@id\":\"https:\\\/\\\/www.connectequipe.com\\\/es\\\/#organization\"},\"image\":{\"@id\":\"https:\\\/\\\/www.connectequipe.com\\\/es\\\/2026\\\/01\\\/23\\\/rgpd-y-datos-sociosanitarios-la-evolucion-normativa-hacia-2027\\\/#primaryimage\"},\"thumbnailUrl\":\"https:\\\/\\\/www.connectequipe.com\\\/wp-content\\\/uploads\\\/2026\\\/01\\\/GDPR-la-sicurezza-dei-dati-sanitari-evolve-SPA.jpg\",\"articleSection\":[\"Sin categorizar\"],\"inLanguage\":\"es\"},{\"@type\":\"WebPage\",\"@id\":\"https:\\\/\\\/www.connectequipe.com\\\/es\\\/2026\\\/01\\\/23\\\/rgpd-y-datos-sociosanitarios-la-evolucion-normativa-hacia-2027\\\/\",\"url\":\"https:\\\/\\\/www.connectequipe.com\\\/es\\\/2026\\\/01\\\/23\\\/rgpd-y-datos-sociosanitarios-la-evolucion-normativa-hacia-2027\\\/\",\"name\":\"RGPD y datos sociosanitarios: la evoluci\u00f3n normativa hacia 2027 - Connect Equipe Healthcare\",\"isPartOf\":{\"@id\":\"https:\\\/\\\/www.connectequipe.com\\\/es\\\/#website\"},\"primaryImageOfPage\":{\"@id\":\"https:\\\/\\\/www.connectequipe.com\\\/es\\\/2026\\\/01\\\/23\\\/rgpd-y-datos-sociosanitarios-la-evolucion-normativa-hacia-2027\\\/#primaryimage\"},\"image\":{\"@id\":\"https:\\\/\\\/www.connectequipe.com\\\/es\\\/2026\\\/01\\\/23\\\/rgpd-y-datos-sociosanitarios-la-evolucion-normativa-hacia-2027\\\/#primaryimage\"},\"thumbnailUrl\":\"https:\\\/\\\/www.connectequipe.com\\\/wp-content\\\/uploads\\\/2026\\\/01\\\/GDPR-la-sicurezza-dei-dati-sanitari-evolve-SPA.jpg\",\"datePublished\":\"2026-01-23T16:46:29+00:00\",\"dateModified\":\"2026-01-23T17:55:59+00:00\",\"description\":\"Conoce la evoluci\u00f3n del RGPD en el sector sociosanitario hacia 2027: mayor exigencia en la aplicaci\u00f3n, responsabilidad efectiva y alineaci\u00f3n con el marco europeo de datos de salud.\",\"breadcrumb\":{\"@id\":\"https:\\\/\\\/www.connectequipe.com\\\/es\\\/2026\\\/01\\\/23\\\/rgpd-y-datos-sociosanitarios-la-evolucion-normativa-hacia-2027\\\/#breadcrumb\"},\"inLanguage\":\"es\",\"potentialAction\":[{\"@type\":\"ReadAction\",\"target\":[\"https:\\\/\\\/www.connectequipe.com\\\/es\\\/2026\\\/01\\\/23\\\/rgpd-y-datos-sociosanitarios-la-evolucion-normativa-hacia-2027\\\/\"]}]},{\"@type\":\"ImageObject\",\"inLanguage\":\"es\",\"@id\":\"https:\\\/\\\/www.connectequipe.com\\\/es\\\/2026\\\/01\\\/23\\\/rgpd-y-datos-sociosanitarios-la-evolucion-normativa-hacia-2027\\\/#primaryimage\",\"url\":\"https:\\\/\\\/www.connectequipe.com\\\/wp-content\\\/uploads\\\/2026\\\/01\\\/GDPR-la-sicurezza-dei-dati-sanitari-evolve-SPA.jpg\",\"contentUrl\":\"https:\\\/\\\/www.connectequipe.com\\\/wp-content\\\/uploads\\\/2026\\\/01\\\/GDPR-la-sicurezza-dei-dati-sanitari-evolve-SPA.jpg\",\"width\":1920,\"height\":800},{\"@type\":\"BreadcrumbList\",\"@id\":\"https:\\\/\\\/www.connectequipe.com\\\/es\\\/2026\\\/01\\\/23\\\/rgpd-y-datos-sociosanitarios-la-evolucion-normativa-hacia-2027\\\/#breadcrumb\",\"itemListElement\":[{\"@type\":\"ListItem\",\"position\":1,\"name\":\"Home\",\"item\":\"https:\\\/\\\/www.connectequipe.com\\\/es\\\/\"},{\"@type\":\"ListItem\",\"position\":2,\"name\":\"RGPD y datos sociosanitarios: la evoluci\u00f3n normativa hacia 2027\"}]},{\"@type\":\"WebSite\",\"@id\":\"https:\\\/\\\/www.connectequipe.com\\\/es\\\/#website\",\"url\":\"https:\\\/\\\/www.connectequipe.com\\\/es\\\/\",\"name\":\"Connect Equipe Healthcare\",\"description\":\"La soluzione dedicata all\u2019equipe di cura che semplifica il tuo lavoro\",\"publisher\":{\"@id\":\"https:\\\/\\\/www.connectequipe.com\\\/es\\\/#organization\"},\"alternateName\":\"Connect Equipe Healthcare\",\"potentialAction\":[{\"@type\":\"SearchAction\",\"target\":{\"@type\":\"EntryPoint\",\"urlTemplate\":\"https:\\\/\\\/www.connectequipe.com\\\/es\\\/?s={search_term_string}\"},\"query-input\":{\"@type\":\"PropertyValueSpecification\",\"valueRequired\":true,\"valueName\":\"search_term_string\"}}],\"inLanguage\":\"es\"},{\"@type\":\"Organization\",\"@id\":\"https:\\\/\\\/www.connectequipe.com\\\/es\\\/#organization\",\"name\":\"Connect Informatics\",\"url\":\"https:\\\/\\\/www.connectequipe.com\\\/es\\\/\",\"logo\":{\"@type\":\"ImageObject\",\"inLanguage\":\"es\",\"@id\":\"https:\\\/\\\/www.connectequipe.com\\\/es\\\/#\\\/schema\\\/logo\\\/image\\\/\",\"url\":\"https:\\\/\\\/www.connectequipe.com\\\/wp-content\\\/uploads\\\/2025\\\/06\\\/connect-base.svg\",\"contentUrl\":\"https:\\\/\\\/www.connectequipe.com\\\/wp-content\\\/uploads\\\/2025\\\/06\\\/connect-base.svg\",\"width\":442,\"height\":151,\"caption\":\"Connect Informatics\"},\"image\":{\"@id\":\"https:\\\/\\\/www.connectequipe.com\\\/es\\\/#\\\/schema\\\/logo\\\/image\\\/\"},\"sameAs\":[\"https:\\\/\\\/www.linkedin.com\\\/company\\\/connect-informatics\"]},{\"@type\":\"Person\",\"@id\":\"https:\\\/\\\/www.connectequipe.com\\\/es\\\/#\\\/schema\\\/person\\\/5d065e2cfbc38382385ddde027457880\",\"name\":\"Giulia Gambari\",\"image\":{\"@type\":\"ImageObject\",\"inLanguage\":\"es\",\"@id\":\"https:\\\/\\\/secure.gravatar.com\\\/avatar\\\/6957a180079c197e843245dc58c46d41f72a2b4700323239cf22f3fb0d4a84ad?s=96&d=mm&r=g\",\"url\":\"https:\\\/\\\/secure.gravatar.com\\\/avatar\\\/6957a180079c197e843245dc58c46d41f72a2b4700323239cf22f3fb0d4a84ad?s=96&d=mm&r=g\",\"contentUrl\":\"https:\\\/\\\/secure.gravatar.com\\\/avatar\\\/6957a180079c197e843245dc58c46d41f72a2b4700323239cf22f3fb0d4a84ad?s=96&d=mm&r=g\",\"caption\":\"Giulia Gambari\"}}]}<\/script>\n<!-- \/ Yoast SEO plugin. -->","yoast_head_json":{"title":"RGPD y datos sociosanitarios: la evoluci\u00f3n normativa hacia 2027 - Connect Equipe Healthcare","description":"Conoce la evoluci\u00f3n del RGPD en el sector sociosanitario hacia 2027: mayor exigencia en la aplicaci\u00f3n, responsabilidad efectiva y alineaci\u00f3n con el marco europeo de datos de salud.","robots":{"index":"index","follow":"follow","max-snippet":"max-snippet:-1","max-image-preview":"max-image-preview:large","max-video-preview":"max-video-preview:-1"},"canonical":"https:\/\/www.connectequipe.com\/es\/2026\/01\/23\/rgpd-y-datos-sociosanitarios-la-evolucion-normativa-hacia-2027\/","og_locale":"es_ES","og_type":"article","og_title":"RGPD y datos sociosanitarios: la evoluci\u00f3n normativa hacia 2027 - Connect Equipe Healthcare","og_description":"Conoce la evoluci\u00f3n del RGPD en el sector sociosanitario hacia 2027: mayor exigencia en la aplicaci\u00f3n, responsabilidad efectiva y alineaci\u00f3n con el marco europeo de datos de salud.","og_url":"https:\/\/www.connectequipe.com\/es\/2026\/01\/23\/rgpd-y-datos-sociosanitarios-la-evolucion-normativa-hacia-2027\/","og_site_name":"Connect Equipe Healthcare","article_published_time":"2026-01-23T16:46:29+00:00","article_modified_time":"2026-01-23T17:55:59+00:00","og_image":[{"width":1920,"height":800,"url":"https:\/\/www.connectequipe.com\/wp-content\/uploads\/2026\/01\/GDPR-la-sicurezza-dei-dati-sanitari-evolve-SPA.jpg","type":"image\/jpeg"}],"author":"Giulia Gambari","twitter_card":"summary_large_image","twitter_misc":{"Escrito por":"Giulia Gambari","Tiempo de lectura":"5 minutos"},"schema":{"@context":"https:\/\/schema.org","@graph":[{"@type":"Article","@id":"https:\/\/www.connectequipe.com\/es\/2026\/01\/23\/rgpd-y-datos-sociosanitarios-la-evolucion-normativa-hacia-2027\/#article","isPartOf":{"@id":"https:\/\/www.connectequipe.com\/es\/2026\/01\/23\/rgpd-y-datos-sociosanitarios-la-evolucion-normativa-hacia-2027\/"},"author":{"name":"Giulia Gambari","@id":"https:\/\/www.connectequipe.com\/es\/#\/schema\/person\/5d065e2cfbc38382385ddde027457880"},"headline":"RGPD y datos sociosanitarios: la evoluci\u00f3n normativa hacia 2027","datePublished":"2026-01-23T16:46:29+00:00","dateModified":"2026-01-23T17:55:59+00:00","mainEntityOfPage":{"@id":"https:\/\/www.connectequipe.com\/es\/2026\/01\/23\/rgpd-y-datos-sociosanitarios-la-evolucion-normativa-hacia-2027\/"},"wordCount":825,"publisher":{"@id":"https:\/\/www.connectequipe.com\/es\/#organization"},"image":{"@id":"https:\/\/www.connectequipe.com\/es\/2026\/01\/23\/rgpd-y-datos-sociosanitarios-la-evolucion-normativa-hacia-2027\/#primaryimage"},"thumbnailUrl":"https:\/\/www.connectequipe.com\/wp-content\/uploads\/2026\/01\/GDPR-la-sicurezza-dei-dati-sanitari-evolve-SPA.jpg","articleSection":["Sin categorizar"],"inLanguage":"es"},{"@type":"WebPage","@id":"https:\/\/www.connectequipe.com\/es\/2026\/01\/23\/rgpd-y-datos-sociosanitarios-la-evolucion-normativa-hacia-2027\/","url":"https:\/\/www.connectequipe.com\/es\/2026\/01\/23\/rgpd-y-datos-sociosanitarios-la-evolucion-normativa-hacia-2027\/","name":"RGPD y datos sociosanitarios: la evoluci\u00f3n normativa hacia 2027 - Connect Equipe Healthcare","isPartOf":{"@id":"https:\/\/www.connectequipe.com\/es\/#website"},"primaryImageOfPage":{"@id":"https:\/\/www.connectequipe.com\/es\/2026\/01\/23\/rgpd-y-datos-sociosanitarios-la-evolucion-normativa-hacia-2027\/#primaryimage"},"image":{"@id":"https:\/\/www.connectequipe.com\/es\/2026\/01\/23\/rgpd-y-datos-sociosanitarios-la-evolucion-normativa-hacia-2027\/#primaryimage"},"thumbnailUrl":"https:\/\/www.connectequipe.com\/wp-content\/uploads\/2026\/01\/GDPR-la-sicurezza-dei-dati-sanitari-evolve-SPA.jpg","datePublished":"2026-01-23T16:46:29+00:00","dateModified":"2026-01-23T17:55:59+00:00","description":"Conoce la evoluci\u00f3n del RGPD en el sector sociosanitario hacia 2027: mayor exigencia en la aplicaci\u00f3n, responsabilidad efectiva y alineaci\u00f3n con el marco europeo de datos de salud.","breadcrumb":{"@id":"https:\/\/www.connectequipe.com\/es\/2026\/01\/23\/rgpd-y-datos-sociosanitarios-la-evolucion-normativa-hacia-2027\/#breadcrumb"},"inLanguage":"es","potentialAction":[{"@type":"ReadAction","target":["https:\/\/www.connectequipe.com\/es\/2026\/01\/23\/rgpd-y-datos-sociosanitarios-la-evolucion-normativa-hacia-2027\/"]}]},{"@type":"ImageObject","inLanguage":"es","@id":"https:\/\/www.connectequipe.com\/es\/2026\/01\/23\/rgpd-y-datos-sociosanitarios-la-evolucion-normativa-hacia-2027\/#primaryimage","url":"https:\/\/www.connectequipe.com\/wp-content\/uploads\/2026\/01\/GDPR-la-sicurezza-dei-dati-sanitari-evolve-SPA.jpg","contentUrl":"https:\/\/www.connectequipe.com\/wp-content\/uploads\/2026\/01\/GDPR-la-sicurezza-dei-dati-sanitari-evolve-SPA.jpg","width":1920,"height":800},{"@type":"BreadcrumbList","@id":"https:\/\/www.connectequipe.com\/es\/2026\/01\/23\/rgpd-y-datos-sociosanitarios-la-evolucion-normativa-hacia-2027\/#breadcrumb","itemListElement":[{"@type":"ListItem","position":1,"name":"Home","item":"https:\/\/www.connectequipe.com\/es\/"},{"@type":"ListItem","position":2,"name":"RGPD y datos sociosanitarios: la evoluci\u00f3n normativa hacia 2027"}]},{"@type":"WebSite","@id":"https:\/\/www.connectequipe.com\/es\/#website","url":"https:\/\/www.connectequipe.com\/es\/","name":"Connect Equipe Healthcare","description":"La soluzione dedicata all\u2019equipe di cura che semplifica il tuo lavoro","publisher":{"@id":"https:\/\/www.connectequipe.com\/es\/#organization"},"alternateName":"Connect Equipe Healthcare","potentialAction":[{"@type":"SearchAction","target":{"@type":"EntryPoint","urlTemplate":"https:\/\/www.connectequipe.com\/es\/?s={search_term_string}"},"query-input":{"@type":"PropertyValueSpecification","valueRequired":true,"valueName":"search_term_string"}}],"inLanguage":"es"},{"@type":"Organization","@id":"https:\/\/www.connectequipe.com\/es\/#organization","name":"Connect Informatics","url":"https:\/\/www.connectequipe.com\/es\/","logo":{"@type":"ImageObject","inLanguage":"es","@id":"https:\/\/www.connectequipe.com\/es\/#\/schema\/logo\/image\/","url":"https:\/\/www.connectequipe.com\/wp-content\/uploads\/2025\/06\/connect-base.svg","contentUrl":"https:\/\/www.connectequipe.com\/wp-content\/uploads\/2025\/06\/connect-base.svg","width":442,"height":151,"caption":"Connect Informatics"},"image":{"@id":"https:\/\/www.connectequipe.com\/es\/#\/schema\/logo\/image\/"},"sameAs":["https:\/\/www.linkedin.com\/company\/connect-informatics"]},{"@type":"Person","@id":"https:\/\/www.connectequipe.com\/es\/#\/schema\/person\/5d065e2cfbc38382385ddde027457880","name":"Giulia Gambari","image":{"@type":"ImageObject","inLanguage":"es","@id":"https:\/\/secure.gravatar.com\/avatar\/6957a180079c197e843245dc58c46d41f72a2b4700323239cf22f3fb0d4a84ad?s=96&d=mm&r=g","url":"https:\/\/secure.gravatar.com\/avatar\/6957a180079c197e843245dc58c46d41f72a2b4700323239cf22f3fb0d4a84ad?s=96&d=mm&r=g","contentUrl":"https:\/\/secure.gravatar.com\/avatar\/6957a180079c197e843245dc58c46d41f72a2b4700323239cf22f3fb0d4a84ad?s=96&d=mm&r=g","caption":"Giulia Gambari"}}]}},"_links":{"self":[{"href":"https:\/\/www.connectequipe.com\/es\/wp-json\/wp\/v2\/posts\/8101","targetHints":{"allow":["GET"]}}],"collection":[{"href":"https:\/\/www.connectequipe.com\/es\/wp-json\/wp\/v2\/posts"}],"about":[{"href":"https:\/\/www.connectequipe.com\/es\/wp-json\/wp\/v2\/types\/post"}],"author":[{"embeddable":true,"href":"https:\/\/www.connectequipe.com\/es\/wp-json\/wp\/v2\/users\/5"}],"replies":[{"embeddable":true,"href":"https:\/\/www.connectequipe.com\/es\/wp-json\/wp\/v2\/comments?post=8101"}],"version-history":[{"count":0,"href":"https:\/\/www.connectequipe.com\/es\/wp-json\/wp\/v2\/posts\/8101\/revisions"}],"wp:featuredmedia":[{"embeddable":true,"href":"https:\/\/www.connectequipe.com\/es\/wp-json\/wp\/v2\/media\/8102"}],"wp:attachment":[{"href":"https:\/\/www.connectequipe.com\/es\/wp-json\/wp\/v2\/media?parent=8101"}],"wp:term":[{"taxonomy":"category","embeddable":true,"href":"https:\/\/www.connectequipe.com\/es\/wp-json\/wp\/v2\/categories?post=8101"},{"taxonomy":"post_tag","embeddable":true,"href":"https:\/\/www.connectequipe.com\/es\/wp-json\/wp\/v2\/tags?post=8101"}],"curies":[{"name":"wp","href":"https:\/\/api.w.org\/{rel}","templated":true}]}}